{"id":15675,"date":"2020-06-27T05:42:29","date_gmt":"2020-06-27T03:42:29","guid":{"rendered":"https:\/\/www.comosoft.eu\/2020\/06\/27\/le-fournisseur-dimprimes-le-plus-ecologique-de-ikea\/"},"modified":"2026-03-26T10:09:59","modified_gmt":"2026-03-26T09:09:59","slug":"le-fournisseur-dimprimes-le-plus-ecologique-de-ikea","status":"publish","type":"post","link":"https:\/\/www.comosoft.eu\/fr\/2020\/06\/27\/le-fournisseur-dimprimes-le-plus-ecologique-de-ikea\/","title":{"rendered":"Le fournisseur d&#8217;imprim\u00e9s le plus \u00e9cologique de IKEA"},"content":{"rendered":"<div class=\"wpb-content-wrapper\"><p>[vc_row][vc_column width=&#8221;1\/1&#8243;][vc_custom_heading uncode_shortcode_id=&#8221;182817&#8243;]<\/p>\n<h1>Le fournisseur d&#8217;imprim\u00e9s le plus \u00e9cologique de IKEA<\/h1>\n<p>[\/vc_custom_heading][vc_column_text]<\/p>\n<h3>Le groupe Eversfrank re\u00e7oit un prix IKEA de la tulipe<\/h3>\n<p><strong>Le groupe Eversfrank re\u00e7oit un prix IKEA de la tulipe<\/strong><br \/>\n<strong>Su\u00e8de, octobre 2019 &#8211; Le soir du 9 octobre, la cha\u00eene su\u00e9doise de magasins de meubles IKEA a invit\u00e9 \u00e0 ses Tulip Awards annuels. Ann\u00e9e apr\u00e8s ann\u00e9e, IKEA utilise le prix sous la forme d&#8217;une tulipe en bois pour honorer les meilleures r\u00e9alisations d&#8217;impression dans la production de son catalogue actuel. Le groupe Eversfrank est l&#8217;un des laur\u00e9ats, qui a marqu\u00e9 des points gr\u00e2ce \u00e0 ses concepts de production d&#8217;imprim\u00e9s durables. Les coll\u00e8gues scandinaves du groupe Eversfrank ont maintenant apport\u00e9 le prix en Allemagne, o\u00f9 il a \u00e9t\u00e9 heureusement re\u00e7u par le directeur g\u00e9n\u00e9ral Axel Polei.<\/strong><\/p>\n<p>[\/vc_column_text][vc_row_inner][vc_column_inner width=&#8221;1\/2&#8243;][vc_column_text]31 imprimeries de 24 pays ont accept\u00e9 l&#8217;invitation dans la petite ville su\u00e9doise d&#8217;\u00c4lmhult o\u00f9 se trouve le si\u00e8ge d&#8217;IKEA. Le groupe Eversfrank a remport\u00e9 le prix convoit\u00e9 dans la cat\u00e9gorie &#8220;Durabilit\u00e9&#8221; pour la &#8220;meilleure initiative durable&#8221; &#8211; apr\u00e8s seulement deux ans de coop\u00e9ration avec le g\u00e9ant su\u00e9dois du meuble. Cela fait de l&#8217;imprimerie, avec ses deux plus grands sites de production \u00e0 Meldorf et \u00e0 Preetz, l&#8217;un des meilleurs fournisseurs d&#8217;imprim\u00e9s d&#8217;IKEA. IKEA a \u00e9t\u00e9 particuli\u00e8rement impressionn\u00e9 par la production d&#8217;imprim\u00e9s selon le concept dit de &#8220;Healthy Printing&#8221;, avec lequel le groupe Eversfrank fabrique des produits imprim\u00e9s de mani\u00e8re exceptionnellement durable.<br \/>\n&#8220;Nous avons produit une partie du catalogue annuel IKEA au printemps et \u00e0 l&#8217;\u00e9t\u00e9 de cette ann\u00e9e&#8221;, explique Ulf Malmberg, directeur du d\u00e9veloppement commercial du groupe Eversfrank, qui soutient \u00e9troitement IKEA en termes de production imprim\u00e9e. &#8220;Depuis des ann\u00e9es, nous travaillons sans rel\u00e2che \u00e0 rendre nos processus et nos s\u00e9quences de production encore plus respectueux de l&#8217;environnement. Avec IKEA, nous avons voulu aller plus loin et avons mis en place l&#8217;impression selon les crit\u00e8res du principe de l&#8217;impression saine&#8221;.<\/p>\n<p>[\/vc_column_text][\/vc_column_inner][vc_column_inner width=&#8221;1\/2&#8243;][vc_single_image media=&#8221;13888&#8243; media_width_percent=&#8221;100&#8243;][\/vc_column_inner][\/vc_row_inner][vc_column_text]En tant qu&#8217;entreprise membre de l&#8217;initiative pour une impression saine, le groupe Eversfrank s&#8217;engage \u00e0 \u0153uvrer pour des produits d&#8217;impression sains \u00e0 long terme en soutenant activement les effets positifs plut\u00f4t qu&#8217;en se contentant de minimiser les effets n\u00e9gatifs. &#8220;Par exemple, nous nous effor\u00e7ons de faire en sorte que tous les ingr\u00e9dients et mat\u00e9riaux du cycle du papier imprim\u00e9 deviennent une ressource biologique ou technique utile pour d&#8217;autres processus&#8221;, explique Hauke Klinck, responsable de l&#8217;environnement du groupe Eversfrank. &#8220;\u00c0 long terme, nous voulons fabriquer des produits imprim\u00e9s de mani\u00e8re \u00e0 ce qu&#8217;ils contiennent des composants biocompatibles d\u00e9finis \u00e0 100%, qui soient compostables en toute s\u00e9curit\u00e9, qui puissent \u00eatre utilis\u00e9s dans d&#8217;autres produits ou qui puissent \u00eatre incin\u00e9r\u00e9s sans filtre anti-pollution. Pour IKEA, l&#8217;un des moyens de production du catalogue a \u00e9t\u00e9 de changer les couleurs des feuilles et des rouleaux pour la norme Cradle to Cradle\u00ae avec des propri\u00e9t\u00e9s am\u00e9lior\u00e9es et durables&#8221;.<br \/>\nAxel Polei, directeur g\u00e9n\u00e9ral du groupe Eversfrank \u00e0 Meldorf, souligne que le prix est d\u00e9cern\u00e9 \u00e0 tous les employ\u00e9s qui ont travaill\u00e9 avec \u00e9nergie avec IKEA et ont contribu\u00e9 \u00e0 ce succ\u00e8s. &#8220;\u00catre r\u00e9compens\u00e9 par un client aussi renomm\u00e9 est tr\u00e8s motivant et nous montre que la voie \u00e9cologique que nous suivons depuis des ann\u00e9es est la bonne&#8221;, conclut-il.[\/vc_column_text][\/vc_column][\/vc_row]<\/p>\n<\/div>","protected":false},"excerpt":{"rendered":"<p>[vc_row][vc_column width=&#8221;1\/1&#8243;][vc_custom_heading uncode_shortcode_id=&#8221;182817&#8243;] Le fournisseur d&#8217;imprim\u00e9s le plus \u00e9cologique de IKEA [\/vc_custom_heading][vc_column_text] Le groupe Eversfrank re\u00e7oit un prix IKEA de [&hellip;]<\/p>\n","protected":false},"author":103,"featured_media":13888,"comment_status":"closed","ping_status":"closed","sticky":false,"template":"","format":"standard","meta":{"footnotes":""},"categories":[268],"tags":[],"class_list":["post-15675","post","type-post","status-publish","format-standard","has-post-thumbnail","hentry","category-presse-fr"],"yoast_head":"<!-- This site is optimized with the Yoast SEO plugin v27.3 - https:\/\/yoast.com\/product\/yoast-seo-wordpress\/ -->\n<title>Le fournisseur d&#039;imprim\u00e9s le plus \u00e9cologique de IKEA \/ Comosoft<\/title>\n<meta name=\"description\" content=\"Le fournisseur d&#039;imprim\u00e9s le plus \u00e9cologique de IKEA: Le fournisseur d&#039;imprim\u00e9s le plus \u00e9cologique de IKEA Le groupe Eversfrank re\u00e7oit un prix IKEA de la tulipe Le groupe Eversfrank re\u00e7oit un prix IKEA de la \u00bb Lire la suite!\" \/>\n<meta name=\"robots\" content=\"index, follow, max-snippet:-1, max-image-preview:large, max-video-preview:-1\" \/>\n<link rel=\"canonical\" href=\"https:\/\/www.comosoft.eu\/fr\/2020\/06\/27\/le-fournisseur-dimprimes-le-plus-ecologique-de-ikea\/\" \/>\n<meta property=\"og:locale\" content=\"fr_FR\" \/>\n<meta property=\"og:type\" content=\"article\" \/>\n<meta property=\"og:title\" content=\"Le fournisseur d&#039;imprim\u00e9s le plus \u00e9cologique de IKEA \/ Comosoft\" \/>\n<meta property=\"og:description\" content=\"Le fournisseur d&#039;imprim\u00e9s le plus \u00e9cologique de IKEA: Le fournisseur d&#039;imprim\u00e9s le plus \u00e9cologique de IKEA Le groupe Eversfrank re\u00e7oit un prix IKEA de la tulipe Le groupe Eversfrank re\u00e7oit un prix IKEA de la \u00bb Lire la suite!\" \/>\n<meta property=\"og:url\" content=\"https:\/\/www.comosoft.eu\/fr\/2020\/06\/27\/le-fournisseur-dimprimes-le-plus-ecologique-de-ikea\/\" \/>\n<meta property=\"og:site_name\" content=\"Comosoft\" \/>\n<meta property=\"article:published_time\" content=\"2020-06-27T03:42:29+00:00\" \/>\n<meta property=\"article:modified_time\" content=\"2026-03-26T09:09:59+00:00\" \/>\n<meta property=\"og:image\" content=\"https:\/\/www.comosoft.eu\/wp-content\/uploads\/2019\/11\/IKEA-Tulip-Award_Eversfrank.jpg\" \/>\n\t<meta property=\"og:image:width\" content=\"1200\" \/>\n\t<meta property=\"og:image:height\" content=\"800\" \/>\n\t<meta property=\"og:image:type\" content=\"image\/jpeg\" \/>\n<meta name=\"author\" content=\"Monica\" \/>\n<meta name=\"twitter:card\" content=\"summary_large_image\" \/>\n<!-- \/ Yoast SEO plugin. -->","yoast_head_json":{"title":"Le fournisseur d'imprim\u00e9s le plus \u00e9cologique de IKEA \/ Comosoft","description":"Le fournisseur d'imprim\u00e9s le plus \u00e9cologique de IKEA: Le fournisseur d'imprim\u00e9s le plus \u00e9cologique de IKEA Le groupe Eversfrank re\u00e7oit un prix IKEA de la tulipe Le groupe Eversfrank re\u00e7oit un prix IKEA de la \u00bb Lire la suite!","robots":{"index":"index","follow":"follow","max-snippet":"max-snippet:-1","max-image-preview":"max-image-preview:large","max-video-preview":"max-video-preview:-1"},"canonical":"https:\/\/www.comosoft.eu\/fr\/2020\/06\/27\/le-fournisseur-dimprimes-le-plus-ecologique-de-ikea\/","og_locale":"fr_FR","og_type":"article","og_title":"Le fournisseur d'imprim\u00e9s le plus \u00e9cologique de IKEA \/ Comosoft","og_description":"Le fournisseur d'imprim\u00e9s le plus \u00e9cologique de IKEA: Le fournisseur d'imprim\u00e9s le plus \u00e9cologique de IKEA Le groupe Eversfrank re\u00e7oit un prix IKEA de la tulipe Le groupe Eversfrank re\u00e7oit un prix IKEA de la \u00bb Lire la suite!","og_url":"https:\/\/www.comosoft.eu\/fr\/2020\/06\/27\/le-fournisseur-dimprimes-le-plus-ecologique-de-ikea\/","og_site_name":"Comosoft","article_published_time":"2020-06-27T03:42:29+00:00","article_modified_time":"2026-03-26T09:09:59+00:00","og_image":[{"width":1200,"height":800,"url":"https:\/\/www.comosoft.eu\/wp-content\/uploads\/2019\/11\/IKEA-Tulip-Award_Eversfrank.jpg","type":"image\/jpeg"}],"author":"Monica","twitter_card":"summary_large_image","schema":{"@context":"https:\/\/schema.org","@graph":[{"@type":"Article","@id":"https:\/\/www.comosoft.eu\/fr\/2020\/06\/27\/le-fournisseur-dimprimes-le-plus-ecologique-de-ikea\/#article","isPartOf":{"@id":"https:\/\/www.comosoft.eu\/fr\/2020\/06\/27\/le-fournisseur-dimprimes-le-plus-ecologique-de-ikea\/"},"author":{"name":"Monica","@id":"https:\/\/www.comosoft.eu\/fr\/#\/schema\/person\/73707222684931f8f928ede52af0ebd4"},"headline":"Le fournisseur d&#8217;imprim\u00e9s le plus \u00e9cologique de IKEA","datePublished":"2020-06-27T03:42:29+00:00","dateModified":"2026-03-26T09:09:59+00:00","mainEntityOfPage":{"@id":"https:\/\/www.comosoft.eu\/fr\/2020\/06\/27\/le-fournisseur-dimprimes-le-plus-ecologique-de-ikea\/"},"wordCount":657,"publisher":{"@id":"https:\/\/www.comosoft.eu\/fr\/#organization"},"image":{"@id":"https:\/\/www.comosoft.eu\/fr\/2020\/06\/27\/le-fournisseur-dimprimes-le-plus-ecologique-de-ikea\/#primaryimage"},"thumbnailUrl":"https:\/\/www.comosoft.eu\/wp-content\/uploads\/2019\/11\/IKEA-Tulip-Award_Eversfrank.jpg","articleSection":["Presse"],"inLanguage":"fr-FR"},{"@type":"WebPage","@id":"https:\/\/www.comosoft.eu\/fr\/2020\/06\/27\/le-fournisseur-dimprimes-le-plus-ecologique-de-ikea\/","url":"https:\/\/www.comosoft.eu\/fr\/2020\/06\/27\/le-fournisseur-dimprimes-le-plus-ecologique-de-ikea\/","name":"Le fournisseur d'imprim\u00e9s le plus \u00e9cologique de IKEA \/ Comosoft","isPartOf":{"@id":"https:\/\/www.comosoft.eu\/fr\/#website"},"primaryImageOfPage":{"@id":"https:\/\/www.comosoft.eu\/fr\/2020\/06\/27\/le-fournisseur-dimprimes-le-plus-ecologique-de-ikea\/#primaryimage"},"image":{"@id":"https:\/\/www.comosoft.eu\/fr\/2020\/06\/27\/le-fournisseur-dimprimes-le-plus-ecologique-de-ikea\/#primaryimage"},"thumbnailUrl":"https:\/\/www.comosoft.eu\/wp-content\/uploads\/2019\/11\/IKEA-Tulip-Award_Eversfrank.jpg","datePublished":"2020-06-27T03:42:29+00:00","dateModified":"2026-03-26T09:09:59+00:00","description":"Le fournisseur d'imprim\u00e9s le plus \u00e9cologique de IKEA: Le fournisseur d'imprim\u00e9s le plus \u00e9cologique de IKEA Le groupe Eversfrank re\u00e7oit un prix IKEA de la tulipe Le groupe Eversfrank re\u00e7oit un prix IKEA de la \u00bb Lire la suite!","breadcrumb":{"@id":"https:\/\/www.comosoft.eu\/fr\/2020\/06\/27\/le-fournisseur-dimprimes-le-plus-ecologique-de-ikea\/#breadcrumb"},"inLanguage":"fr-FR","potentialAction":[{"@type":"ReadAction","target":["https:\/\/www.comosoft.eu\/fr\/2020\/06\/27\/le-fournisseur-dimprimes-le-plus-ecologique-de-ikea\/"]}]},{"@type":"ImageObject","inLanguage":"fr-FR","@id":"https:\/\/www.comosoft.eu\/fr\/2020\/06\/27\/le-fournisseur-dimprimes-le-plus-ecologique-de-ikea\/#primaryimage","url":"https:\/\/www.comosoft.eu\/wp-content\/uploads\/2019\/11\/IKEA-Tulip-Award_Eversfrank.jpg","contentUrl":"https:\/\/www.comosoft.eu\/wp-content\/uploads\/2019\/11\/IKEA-Tulip-Award_Eversfrank.jpg","width":1200,"height":800,"caption":"Ikea-award-eversfrank"},{"@type":"BreadcrumbList","@id":"https:\/\/www.comosoft.eu\/fr\/2020\/06\/27\/le-fournisseur-dimprimes-le-plus-ecologique-de-ikea\/#breadcrumb","itemListElement":[{"@type":"ListItem","position":1,"name":"Home","item":"https:\/\/www.comosoft.eu\/fr\/"},{"@type":"ListItem","position":2,"name":"Le fournisseur d&#8217;imprim\u00e9s le plus \u00e9cologique de IKEA"}]},{"@type":"WebSite","@id":"https:\/\/www.comosoft.eu\/fr\/#website","url":"https:\/\/www.comosoft.eu\/fr\/","name":"Comosoft","description":"Multichannel Solutions","publisher":{"@id":"https:\/\/www.comosoft.eu\/fr\/#organization"},"potentialAction":[{"@type":"SearchAction","target":{"@type":"EntryPoint","urlTemplate":"https:\/\/www.comosoft.eu\/fr\/?s={search_term_string}"},"query-input":{"@type":"PropertyValueSpecification","valueRequired":true,"valueName":"search_term_string"}}],"inLanguage":"fr-FR"},{"@type":"Organization","@id":"https:\/\/www.comosoft.eu\/fr\/#organization","name":"Comosoft GmbH","alternateName":"Multichannel Solutions","url":"https:\/\/www.comosoft.eu\/fr\/","logo":{"@type":"ImageObject","inLanguage":"fr-FR","@id":"https:\/\/www.comosoft.eu\/fr\/#\/schema\/logo\/image\/","url":"https:\/\/www.comosoft.eu\/wp-content\/uploads\/2021\/01\/Comosoft-Logo463.png","contentUrl":"https:\/\/www.comosoft.eu\/wp-content\/uploads\/2021\/01\/Comosoft-Logo463.png","width":1654,"height":337,"caption":"Comosoft GmbH"},"image":{"@id":"https:\/\/www.comosoft.eu\/fr\/#\/schema\/logo\/image\/"},"sameAs":["https:\/\/de.linkedin.com\/company\/comosoft?original_referer=httpswww.google.com"]},{"@type":"Person","@id":"https:\/\/www.comosoft.eu\/fr\/#\/schema\/person\/73707222684931f8f928ede52af0ebd4","name":"Monica"}]}},"_links":{"self":[{"href":"https:\/\/www.comosoft.eu\/fr\/wp-json\/wp\/v2\/posts\/15675","targetHints":{"allow":["GET"]}}],"collection":[{"href":"https:\/\/www.comosoft.eu\/fr\/wp-json\/wp\/v2\/posts"}],"about":[{"href":"https:\/\/www.comosoft.eu\/fr\/wp-json\/wp\/v2\/types\/post"}],"author":[{"embeddable":true,"href":"https:\/\/www.comosoft.eu\/fr\/wp-json\/wp\/v2\/users\/103"}],"replies":[{"embeddable":true,"href":"https:\/\/www.comosoft.eu\/fr\/wp-json\/wp\/v2\/comments?post=15675"}],"version-history":[{"count":4,"href":"https:\/\/www.comosoft.eu\/fr\/wp-json\/wp\/v2\/posts\/15675\/revisions"}],"predecessor-version":[{"id":50724,"href":"https:\/\/www.comosoft.eu\/fr\/wp-json\/wp\/v2\/posts\/15675\/revisions\/50724"}],"wp:featuredmedia":[{"embeddable":true,"href":"https:\/\/www.comosoft.eu\/fr\/wp-json\/wp\/v2\/media\/13888"}],"wp:attachment":[{"href":"https:\/\/www.comosoft.eu\/fr\/wp-json\/wp\/v2\/media?parent=15675"}],"wp:term":[{"taxonomy":"category","embeddable":true,"href":"https:\/\/www.comosoft.eu\/fr\/wp-json\/wp\/v2\/categories?post=15675"},{"taxonomy":"post_tag","embeddable":true,"href":"https:\/\/www.comosoft.eu\/fr\/wp-json\/wp\/v2\/tags?post=15675"}],"curies":[{"name":"wp","href":"https:\/\/api.w.org\/{rel}","templated":true}]}}